{"id":815,"date":"2019-06-20T09:30:21","date_gmt":"2019-06-20T09:30:21","guid":{"rendered":"http:\/\/www.uni3venezuela.org.ve\/?p=815"},"modified":"2019-09-10T21:38:06","modified_gmt":"2019-09-10T21:38:06","slug":"programa-el-arte-de-vivir-juan-mijares-camargo","status":"publish","type":"post","link":"https:\/\/www.uni3venezuela.org.ve\/index.php\/2019\/06\/20\/programa-el-arte-de-vivir-juan-mijares-camargo\/","title":{"rendered":"Inaugurado hoy Programa \u201cEl Arte de Vivir Juan Mijares Camargo\u201d"},"content":{"rendered":"\n<p style=\"text-align: justify;\"><span style=\"font-family: arial, helvetica, sans-serif; color: #000000;\">La junta directiva de UNI3 con gran alegr\u00eda inauguro en el d\u00eda de hoy el Programa \u201cEl Arte de Vivir Juan Mijares Camargo\u201d la motivaci\u00f3n principal es que Juan Mijares representa todos los objetivos finales de UNI3, un envejecimiento activo, largo, saludable, solidario y con una visi\u00f3n humanista, disfrutamos en este solemne acto de la inauguraci\u00f3n del Sal\u00f3n que lleva su nombre, revelaci\u00f3n de su retrato y recorrido por la exposici\u00f3n, palabras de la licenciada Gladys Ocanto, presidenta de UNI3, Palabras de Juan Mijares, Poes\u00eda, Exposici\u00f3n del Envejecimiento activo por la Dra. Sandra Quintero y un gran compartir musical con los Pasteles Verdes. Queremos agradecer a todos los que colaboraron en este gran homenaje<\/span><\/p>\n<p style=\"text-align: center;\"><em><span style=\"font-family: arial, helvetica, sans-serif; color: #000000; font-size: 18pt;\">Larga ser\u00e1 la Leyenda de Juan Mijares en UNI3<\/span><\/em><\/p>\n<div class=\"n2-has-copy n2-code n2-ss-slider-shortcode-id\" style=\"text-align: center;\"><\/div>\n","protected":false},"excerpt":{"rendered":"<p>Gran acto en honor a Juan Mijares Camargo<\/p>\n","protected":false},"author":1,"featured_media":824,"comment_status":"open","ping_status":"open","sticky":false,"template":"","format":"standard","meta":{"colormag_page_container_layout":"default_layout","colormag_page_sidebar_layout":"default_layout","footnotes":""},"categories":[11,13],"tags":[118,91,109],"class_list":["post-815","post","type-post","status-publish","format-standard","has-post-thumbnail","hentry","category-actual","category-news","tag-abuelos","tag-adultos-mayores","tag-uni3"],"_links":{"self":[{"href":"https:\/\/www.uni3venezuela.org.ve\/index.php\/wp-json\/wp\/v2\/posts\/815","targetHints":{"allow":["GET"]}}],"collection":[{"href":"https:\/\/www.uni3venezuela.org.ve\/index.php\/wp-json\/wp\/v2\/posts"}],"about":[{"href":"https:\/\/www.uni3venezuela.org.ve\/index.php\/wp-json\/wp\/v2\/types\/post"}],"author":[{"embeddable":true,"href":"https:\/\/www.uni3venezuela.org.ve\/index.php\/wp-json\/wp\/v2\/users\/1"}],"replies":[{"embeddable":true,"href":"https:\/\/www.uni3venezuela.org.ve\/index.php\/wp-json\/wp\/v2\/comments?post=815"}],"version-history":[{"count":3,"href":"https:\/\/www.uni3venezuela.org.ve\/index.php\/wp-json\/wp\/v2\/posts\/815\/revisions"}],"predecessor-version":[{"id":839,"href":"https:\/\/www.uni3venezuela.org.ve\/index.php\/wp-json\/wp\/v2\/posts\/815\/revisions\/839"}],"wp:featuredmedia":[{"embeddable":true,"href":"https:\/\/www.uni3venezuela.org.ve\/index.php\/wp-json\/wp\/v2\/media\/824"}],"wp:attachment":[{"href":"https:\/\/www.uni3venezuela.org.ve\/index.php\/wp-json\/wp\/v2\/media?parent=815"}],"wp:term":[{"taxonomy":"category","embeddable":true,"href":"https:\/\/www.uni3venezuela.org.ve\/index.php\/wp-json\/wp\/v2\/categories?post=815"},{"taxonomy":"post_tag","embeddable":true,"href":"https:\/\/www.uni3venezuela.org.ve\/index.php\/wp-json\/wp\/v2\/tags?post=815"}],"curies":[{"name":"wp","href":"https:\/\/api.w.org\/{rel}","templated":true}]}}