{"id":2585,"date":"2025-10-24T18:21:07","date_gmt":"2025-10-24T18:21:07","guid":{"rendered":"https:\/\/www.uni3venezuela.org.ve\/?p=2585"},"modified":"2025-10-24T18:28:29","modified_gmt":"2025-10-24T18:28:29","slug":"taller-psicopedagogia-holistica","status":"publish","type":"post","link":"https:\/\/www.uni3venezuela.org.ve\/index.php\/2025\/10\/24\/taller-psicopedagogia-holistica\/","title":{"rendered":"Taller Psicopedagog\u00eda Hol\u00edstica"},"content":{"rendered":"\n<p style=\"text-align: justify;\"><span style=\"font-family: arial, helvetica, sans-serif; font-size: 12pt; color: #000000;\">-Objetivo General: Dise\u00f1ar estrategias psicopedag\u00f3gicas de aprendizaje que promuevan el bienestar del cerebro. Uniendo la psicopedagog\u00eda y la hol\u00edstica en una sola materia para crear la ejecuci\u00f3n de actividades con enfoque integral, evitando el deterioro cognitivo para las personas de la tercera edad.<\/span><br \/><span style=\"font-family: arial, helvetica, sans-serif; font-size: 12pt; color: #000000;\">-Objetivos espec\u00edficos:<\/span><\/p>\n<p><\/p>\n<ol class=\"wp-block-list\">\n<li><span style=\"font-family: arial, helvetica, sans-serif; font-size: 12pt; color: #000000;\">Fortalecer la memoria<\/span><\/li>\n \n<li><span style=\"font-family: arial, helvetica, sans-serif; font-size: 12pt; color: #000000;\">Desbloquear recuerdos<\/span><\/li>\n \n<li><span style=\"font-family: arial, helvetica, sans-serif; font-size: 12pt; color: #000000;\">Descubrir nuevos talentos en la tercera edad<\/span><\/li>\n<\/ol>\n<p style=\"text-align: justify;\"><span style=\"color: #000000; font-family: arial, helvetica, sans-serif; font-size: 12pt;\">Esta materia, busca comprender y mejorar el bienestar integral del individuo a trav\u00e9s de una visi\u00f3n unificada de su ser. Buscando un aprendizaje, que reactive cerebro y mentes, incluyendo neurodivergentes.<\/span><\/p>\n\n\n\n<p style=\"text-align: justify;\"><span style=\"font-family: arial, helvetica, sans-serif; font-size: 12pt; color: #000000;\">Analizar recuerdos, y a su vez, se evitan enfermedades degenerativas, con la activaci\u00f3n de los dos hemisferios del cerebro. Respetando ritmos, caracter\u00edsticas individuales y fomentando la inclusi\u00f3n en los \u00e1mbitos educativo, formativo y social. Aborda el desarrollo de las dimensiones humanas buscando integrar el ser en un todo, partiendo de la experiencia de los participantes tomando en cuenta mente, cuerpo, emoci\u00f3n y esp\u00edritu interconectados con su creencia, tanto en su vida exterior como en el interior.<\/span><\/p>\n\n\n\n<p><span style=\"font-family: arial, helvetica, sans-serif; font-size: 14pt; color: #000000;\">Sede: Valles del Tuy<\/span><br \/><span style=\"font-family: arial, helvetica, sans-serif; font-size: 14pt; color: #000000;\">Horario: martes 10.30 am<\/span><br \/><span style=\"font-family: arial, helvetica, sans-serif; font-size: 14pt; color: #000000;\">Facilitadora: Mirian Madrid<\/span><\/p>\n","protected":false},"excerpt":{"rendered":"","protected":false},"author":1,"featured_media":2588,"comment_status":"open","ping_status":"open","sticky":false,"template":"","format":"standard","meta":{"colormag_page_container_layout":"default_layout","colormag_page_sidebar_layout":"default_layout","footnotes":""},"categories":[11,12,13,14],"tags":[],"class_list":["post-2585","post","type-post","status-publish","format-standard","has-post-thumbnail","hentry","category-actual","category-latest","category-news","category-ofereduc"],"_links":{"self":[{"href":"https:\/\/www.uni3venezuela.org.ve\/index.php\/wp-json\/wp\/v2\/posts\/2585","targetHints":{"allow":["GET"]}}],"collection":[{"href":"https:\/\/www.uni3venezuela.org.ve\/index.php\/wp-json\/wp\/v2\/posts"}],"about":[{"href":"https:\/\/www.uni3venezuela.org.ve\/index.php\/wp-json\/wp\/v2\/types\/post"}],"author":[{"embeddable":true,"href":"https:\/\/www.uni3venezuela.org.ve\/index.php\/wp-json\/wp\/v2\/users\/1"}],"replies":[{"embeddable":true,"href":"https:\/\/www.uni3venezuela.org.ve\/index.php\/wp-json\/wp\/v2\/comments?post=2585"}],"version-history":[{"count":1,"href":"https:\/\/www.uni3venezuela.org.ve\/index.php\/wp-json\/wp\/v2\/posts\/2585\/revisions"}],"predecessor-version":[{"id":2587,"href":"https:\/\/www.uni3venezuela.org.ve\/index.php\/wp-json\/wp\/v2\/posts\/2585\/revisions\/2587"}],"wp:featuredmedia":[{"embeddable":true,"href":"https:\/\/www.uni3venezuela.org.ve\/index.php\/wp-json\/wp\/v2\/media\/2588"}],"wp:attachment":[{"href":"https:\/\/www.uni3venezuela.org.ve\/index.php\/wp-json\/wp\/v2\/media?parent=2585"}],"wp:term":[{"taxonomy":"category","embeddable":true,"href":"https:\/\/www.uni3venezuela.org.ve\/index.php\/wp-json\/wp\/v2\/categories?post=2585"},{"taxonomy":"post_tag","embeddable":true,"href":"https:\/\/www.uni3venezuela.org.ve\/index.php\/wp-json\/wp\/v2\/tags?post=2585"}],"curies":[{"name":"wp","href":"https:\/\/api.w.org\/{rel}","templated":true}]}}