{"id":1237,"date":"2020-04-20T19:37:31","date_gmt":"2020-04-20T19:37:31","guid":{"rendered":"http:\/\/www.uni3venezuela.org.ve\/?p=1237"},"modified":"2020-05-26T15:51:27","modified_gmt":"2020-05-26T15:51:27","slug":"4to-aniversario-uni3-gran-macizo-guayanes","status":"publish","type":"post","link":"https:\/\/www.uni3venezuela.org.ve\/index.php\/2020\/04\/20\/4to-aniversario-uni3-gran-macizo-guayanes\/","title":{"rendered":"4to Aniversario UNI3 Gran Macizo Guayan\u00e9s"},"content":{"rendered":"\n<p style=\"text-align: justify;\"><span style=\"font-family: arial, helvetica, sans-serif; color: #000000;\">El 20 de abril se conmemoro la fundaci\u00f3n de la universidad de la tercera edad UNI3 Gran Macizo Guayan\u00e9s Bol\u00edvar en Ciudad Bol\u00edvar Edo. Bol\u00edvar. Hemos llegado a la EDAD de 4 a\u00f1os recibiendo y dando mucho cari\u00f1o amor y una gran confraternidad de nuestra querida Ciudad Bol\u00edvar. Edo. Bol\u00edvar. Venezuela y el mundo.&nbsp; Gracias muchas Gracias, Am\u00e9n<\/span><\/p>\n<p style=\"text-align: justify;\"><span style=\"font-family: arial, helvetica, sans-serif; color: #000000;\">Un 20 de Abril del A\u00f1o 2016, se da Inicio en Ciudad Bol\u00edvar, la Universidad de la 3era. Edad. UNI-3. GRAN MACIZO GUAYANES\/CULTOR EUCARIO GARC\u00cdA. 2da. en Venezuela, Filial de la UNI_3 GRAN CARACAS. Lcda. Gladys Perez de Ocanto(Presidenta) Al frente un gran equipo conformado por:<\/span><\/p>\n<p style=\"text-align: justify;\"><span style=\"font-family: arial, helvetica, sans-serif; color: #000000;\"><strong>V\u00edctor Manuel Quintero Altuve<\/strong>. (Presidente) nuestro famoso Guarito, Eucario Garc\u00eda (+), Alexis Bello, Juan Ascanio, Juan Carlos Ascanio, Walfrido Garc\u00eda, Juan de Dios Salabarria, Alonso Ram\u00edrez, Maira Requena, Maria Le\u00f3n,<\/span><\/p>\n<p style=\"text-align: justify;\"><span style=\"font-family: arial, helvetica, sans-serif; color: #000000;\"><strong>Liseth Valor<\/strong>, Olinda \u00c1lvarez, y varios colaboradores. Dra. Trina Colina, Neptal\u00ed Hurtado, P\u00e1rroco<\/span><\/p>\n<p style=\"text-align: justify;\"><span style=\"font-family: arial, helvetica, sans-serif; color: #000000;\"><strong>Antonio De Jes\u00fas Valladares<\/strong>,. Quienes con un sue\u00f1o de dar a conocer el baluarte de las personas que han superado la edad, donde antes se dec\u00eda que no pod\u00edan producir mas. y es cuando desde aqu\u00ed se da a conocer que estas misma, son m\u00e1s productivas por el cumulo de experiencias y conocimientos adquiridos.<\/span><\/p>\n<p style=\"text-align: justify;\"><span style=\"font-family: arial, helvetica, sans-serif; color: #000000;\">ESLOGAN: \u00abAprender Ense\u00f1ando\u00bb, se aplica en cada momento que se construye un nuevo aprendizaje.<\/span><\/p>\n<p style=\"text-align: justify;\"><span style=\"font-family: arial, helvetica, sans-serif; color: #000000;\">En nombre del actual equipo, le damos las gracias a todos y todas las personas e instituciones que hicieron posible este sue\u00f1o que Hoy es una realidad. Gracias por su solidario apoyo que nos han brindado para el funcionamiento de la misma. Entre ellos, Gobernaci\u00f3n del Estado Bol\u00edvar, Direcci\u00f3n de Turismo Municipal, Direcci\u00f3n de Cultura Municipal, Diversidad Cultural, BPC. R\u00f3mulo Gallegos, Gabinete de Cultura, Universidades, Escuelas estadales, nacionales y municipales, Consejos Comunales, Fundaciones, Direcci\u00f3n de Educaci\u00f3n, Radio Regional Bol\u00edvar, Culturales, Cultores, Poetas, Artesanos, Facilitadores de los talleres, Artistas Pl\u00e1sticos (<strong>Marlene Rosillo<\/strong>) Fundaci\u00f3n Para Para (Marita Ram\u00edrez) Emisoras FM. TV R\u00cdO, Pueblos todos Comunidad en general. Gracias por creer en este hermoso proyecto de obtener una VEJEZ FELIZ Pro activa y muy productiva.<\/span><\/p>\n<p style=\"text-align: justify;\"><span style=\"font-family: arial, helvetica, sans-serif; color: #000000;\">Muchach@s sigamos adelante ustedes son Pieza fundamental en este Proyecto de la Felicidad.<\/span><\/p>\n<p style=\"text-align: justify;\"><span style=\"font-family: arial, helvetica, sans-serif; color: #000000;\">GRACIAS MUCHAS GRACIAS, DIOS LE BENDIGA Y LE MULTIPLIQUE SU APORTE<\/span><\/p>\n","protected":false},"excerpt":{"rendered":"<p>Adultos Mayores de Ciudad Bol\u00edvar Felicitaciones<\/p>\n","protected":false},"author":1,"featured_media":1241,"comment_status":"open","ping_status":"open","sticky":false,"template":"","format":"standard","meta":{"colormag_page_container_layout":"default_layout","colormag_page_sidebar_layout":"default_layout","footnotes":""},"categories":[13,17],"tags":[113,180,98],"class_list":["post-1237","post","type-post","status-publish","format-standard","has-post-thumbnail","hentry","category-news","category-filiales","tag-adulto-mayor","tag-aniversario","tag-ciudad-bolivar"],"_links":{"self":[{"href":"https:\/\/www.uni3venezuela.org.ve\/index.php\/wp-json\/wp\/v2\/posts\/1237","targetHints":{"allow":["GET"]}}],"collection":[{"href":"https:\/\/www.uni3venezuela.org.ve\/index.php\/wp-json\/wp\/v2\/posts"}],"about":[{"href":"https:\/\/www.uni3venezuela.org.ve\/index.php\/wp-json\/wp\/v2\/types\/post"}],"author":[{"embeddable":true,"href":"https:\/\/www.uni3venezuela.org.ve\/index.php\/wp-json\/wp\/v2\/users\/1"}],"replies":[{"embeddable":true,"href":"https:\/\/www.uni3venezuela.org.ve\/index.php\/wp-json\/wp\/v2\/comments?post=1237"}],"version-history":[{"count":2,"href":"https:\/\/www.uni3venezuela.org.ve\/index.php\/wp-json\/wp\/v2\/posts\/1237\/revisions"}],"predecessor-version":[{"id":1242,"href":"https:\/\/www.uni3venezuela.org.ve\/index.php\/wp-json\/wp\/v2\/posts\/1237\/revisions\/1242"}],"wp:featuredmedia":[{"embeddable":true,"href":"https:\/\/www.uni3venezuela.org.ve\/index.php\/wp-json\/wp\/v2\/media\/1241"}],"wp:attachment":[{"href":"https:\/\/www.uni3venezuela.org.ve\/index.php\/wp-json\/wp\/v2\/media?parent=1237"}],"wp:term":[{"taxonomy":"category","embeddable":true,"href":"https:\/\/www.uni3venezuela.org.ve\/index.php\/wp-json\/wp\/v2\/categories?post=1237"},{"taxonomy":"post_tag","embeddable":true,"href":"https:\/\/www.uni3venezuela.org.ve\/index.php\/wp-json\/wp\/v2\/tags?post=1237"}],"curies":[{"name":"wp","href":"https:\/\/api.w.org\/{rel}","templated":true}]}}